{"id":2085,"date":"2013-10-01T22:50:06","date_gmt":"2013-10-01T20:50:06","guid":{"rendered":"http:\/\/chezyenorxois.fr\/mairie\/?p=2085"},"modified":"2013-10-24T19:56:07","modified_gmt":"2013-10-24T17:56:07","slug":"compte-rendu-du-conseil-municipal-du-18-sept-2013","status":"publish","type":"post","link":"http:\/\/chezyenorxois.fr\/mairie\/compte-rendu-du-conseil-municipal-du-18-sept-2013\/","title":{"rendered":"COMPTE RENDU DU CONSEIL MUNICIPAL DU 18 SEPT 2013."},"content":{"rendered":"<h2 align=\"center\"><span style=\"color: #993300;\"><b>COMPTE-RENDU<\/b><b> DE LA REUNION DU CONSEIL MUNICIPAL<\/b><\/span><\/h2>\n<h2 align=\"center\"><span style=\"color: #993300;\"><b>S\u00e9ance du 18 septembre 2013<\/b><\/span><\/h2>\n<p align=\"center\"><b>\u00a0<\/b><\/p>\n<p>L\u2019an deux mil treize, le dix huit septembre \u00e0 vingt heures, le conseil municipal l\u00e9galement convoqu\u00e9 s\u2019est r\u00e9uni en nombre prescrit par la loi dans le lieu habituel de ses s\u00e9ances sous la pr\u00e9sidence de monsieur RICHARDOT Vincent, maire.<\/p>\n<p><span style=\"text-decoration: underline;\">\u00a0<\/span><b><span style=\"text-decoration: underline;\">Etaient pr\u00e9sents<\/span><\/b><b> : <\/b>RICHARDOT Vincent, BOUGON Gilles, DECOCK Marie-France, LHERMITTE Andr\u00e9, THIROUIN C\u00e9dric, BARBIER Maryvonne, VAN BELLEGHEM Fabien<b>, <\/b>BEDNAR G\u00e9rard.<\/p>\n<p><b>\u00a0<span style=\"text-decoration: underline;\">Membres absents<\/span><\/b>\u00a0: FOLLINA V\u00e9ronique, HALLU Thierry, MAILLEZ Louis.<\/p>\n<p><b><span style=\"text-decoration: underline;\">\u00a0Secr\u00e9taire de s\u00e9ance<\/span><\/b><b>\u00a0: <\/b>BEDNAR G\u00e9rard<\/p>\n<p><b><span style=\"text-decoration: underline;\">MODIFICATION DES STATUTS DU SYNDICAT DE FONCTIONNEMENT DU COLLEGE<\/span>\u00a0(objet n\u00b021\/2013)\u00a0:<\/b> le maire explique \u00e0 l\u2019assembl\u00e9e que le syndicat de fonctionnement du coll\u00e8ge propose de modifier l\u2019article 4 de ses statuts car lors des derni\u00e8res r\u00e9unions, faute de quorum, il a fallu convoquer les d\u00e9l\u00e9gu\u00e9s deux fois pour le m\u00eame ordre du jour. Apr\u00e8s en avoir d\u00e9lib\u00e9r\u00e9, le conseil municipal accepte, \u00e0 l\u2019unanimit\u00e9 des membres pr\u00e9sents, la modification de l\u2019article 4 des statuts du syndicat de fonctionnement du coll\u00e8ge.<\/p>\n<p><b><span style=\"text-decoration: underline;\">EXTENSION EAU POTABLE RUE DE LA FONTAINE ROUGE<\/span>\u00a0 (objet n\u00b022\/2013)\u00a0:<\/b><\/p>\n<p>Le maire explique \u00e0 l\u2019assembl\u00e9e que faisant suite \u00e0 la d\u00e9livrance du permis de construire de monsieur Ren\u00e9 GUAY, celui-ci n\u2019a pas de conduite d\u2019eau potable \u00e0 proximit\u00e9 et qu\u2019il est donc n\u00e9cessaire de r\u00e9aliser des travaux d\u2019extension du r\u00e9seau d\u2019eau potable dans la rue de la Fontaine Rouge pour qu\u2019il puisse se raccorder. Il pr\u00e9sente une convention de l\u2019USESA ainsi qu\u2019un devis de VEOLIA d\u2019un montant de 3\u00a0367.50 \u20ac H.T. Apr\u00e8s en avoir d\u00e9lib\u00e9r\u00e9, le conseil municipal, \u00e0 l\u2019unanimit\u00e9 des membres pr\u00e9sents, accepte de prendre en charge 50 % des travaux soit 1\u00a0683.75 \u20ac H.T.<\/p>\n<p><b><span style=\"text-decoration: underline;\">ELECTRIFICATION DES CLOCHES<\/span>\u00a0:<\/b> le maire explique \u00e0 l\u2019assembl\u00e9e qu\u2019il attend toujours l\u2019avis de la DRAC. Monsieur DRUESNE, conservateur et technicien des b\u00e2timents de France, venu le 11 septembre 2013, doit l\u2019envoy\u00e9 prochainement.<\/p>\n<p><b><span style=\"text-decoration: underline;\">COTISATION FONDS DE CONCOURS MONUMENTS HISTORIQUES<\/span>\u00a0(objet n\u00b023\/2013)\u00a0:<\/b> le conseil municipal accepte, \u00e0 l\u2019unanimit\u00e9 des membres pr\u00e9sents, d\u2019adh\u00e9rer au fonds de concours des monuments historiques sur la base minimum de 0.3049 \u20ac par habitant. Ce fonds de concours permet d\u2019obtenir des subventions lors de travaux sur les b\u00e2timents class\u00e9s.<\/p>\n<p><b><span style=\"text-decoration: underline;\">OPERATION BRIOCHES<\/span>\u00a0:<\/b> Elle aura lieu du 11 au 13 octobre 2013. Madame BARBIER est charg\u00e9e de commander les brioches.<\/p>\n<p><b><span style=\"text-decoration: underline;\">CONTRAT GLOBAL DE L\u2019EAU<\/span> (objet n\u00b0 24\/2013)\u00a0: <\/b>le maire explique \u00e0 l\u2019assembl\u00e9e que la mise en place du contrat global d\u2019actions sur une dur\u00e9e de 5 ans vise \u00e0 atteindre le bon \u00e9tat des masses d\u2019eau superficielles et souterraines et constitue un engagement entre plusieurs ma\u00eetres d\u2019ouvrages, partenaires et organismes financeurs sur un programme d\u2019\u00e9tudes et de travaux. Il \u00a0explique qu\u2019il serait int\u00e9ressant pour la commune d\u2019adh\u00e9rer \u00e0 ce contrat en pr\u00e9sentant le projet de mise en place de l\u2019assainissement collectif. Apr\u00e8s en avoir d\u00e9lib\u00e9r\u00e9, le conseil municipal, \u00e0 l\u2019unanimit\u00e9 des membres pr\u00e9sents\u00a0:<\/p>\n<p>&#8211;\u00a0\u00a0\u00a0\u00a0\u00a0\u00a0 approuve le projet de cr\u00e9ation d\u2019un assainissement collectif,<\/p>\n<p>&#8211;\u00a0\u00a0\u00a0\u00a0\u00a0\u00a0 \u00a0accepte d\u2019inscrire ce projet au contrat global d\u2019actions de l\u2019Ourcq Amont,<\/p>\n<p>&#8211;\u00a0\u00a0\u00a0\u00a0\u00a0\u00a0 sollicite toutes les subventions aff\u00e9rentes \u00e0 ce projet<\/p>\n<p>&#8211;\u00a0\u00a0\u00a0\u00a0\u00a0\u00a0 \u00a0autorise le maire \u00e0 signer le contrat global d\u2019actions comprenant le projet de cr\u00e9ation d\u2019assainissement collectif.<\/p>\n<p>&nbsp;<\/p>\n<p>Et ont sign\u00e9 au pr\u00e9sent registre les jour, mois et an susdits\u00a0:<\/p>\n","protected":false},"excerpt":{"rendered":"<p>COMPTE-RENDU DE LA REUNION DU CONSEIL MUNICIPAL S\u00e9ance du 18 septembre 2013 \u00a0 L\u2019an deux mil treize, le dix huit septembre \u00e0 vingt heures, le conseil municipal l\u00e9galement convoqu\u00e9 s\u2019est r\u00e9uni en nombre prescrit par la loi dans le lieu <a class=\"more-link\" href=\"http:\/\/chezyenorxois.fr\/mairie\/compte-rendu-du-conseil-municipal-du-18-sept-2013\/\">Continuer la lecture <span class=\"screen-reader-text\">  COMPTE RENDU DU CONSEIL MUNICIPAL DU 18 SEPT 2013.<\/span><span class=\"meta-nav\">&rarr;<\/span><\/a><\/p>\n","protected":false},"author":4,"featured_media":0,"comment_status":"closed","ping_status":"closed","sticky":false,"template":"","format":"standard","meta":{"footnotes":""},"categories":[1],"tags":[],"class_list":["post-2085","post","type-post","status-publish","format-standard","hentry","category-non-classe"],"_links":{"self":[{"href":"http:\/\/chezyenorxois.fr\/mairie\/wp-json\/wp\/v2\/posts\/2085","targetHints":{"allow":["GET"]}}],"collection":[{"href":"http:\/\/chezyenorxois.fr\/mairie\/wp-json\/wp\/v2\/posts"}],"about":[{"href":"http:\/\/chezyenorxois.fr\/mairie\/wp-json\/wp\/v2\/types\/post"}],"author":[{"embeddable":true,"href":"http:\/\/chezyenorxois.fr\/mairie\/wp-json\/wp\/v2\/users\/4"}],"replies":[{"embeddable":true,"href":"http:\/\/chezyenorxois.fr\/mairie\/wp-json\/wp\/v2\/comments?post=2085"}],"version-history":[{"count":4,"href":"http:\/\/chezyenorxois.fr\/mairie\/wp-json\/wp\/v2\/posts\/2085\/revisions"}],"predecessor-version":[{"id":2094,"href":"http:\/\/chezyenorxois.fr\/mairie\/wp-json\/wp\/v2\/posts\/2085\/revisions\/2094"}],"wp:attachment":[{"href":"http:\/\/chezyenorxois.fr\/mairie\/wp-json\/wp\/v2\/media?parent=2085"}],"wp:term":[{"taxonomy":"category","embeddable":true,"href":"http:\/\/chezyenorxois.fr\/mairie\/wp-json\/wp\/v2\/categories?post=2085"},{"taxonomy":"post_tag","embeddable":true,"href":"http:\/\/chezyenorxois.fr\/mairie\/wp-json\/wp\/v2\/tags?post=2085"}],"curies":[{"name":"wp","href":"https:\/\/api.w.org\/{rel}","templated":true}]}}