{"id":1636,"date":"2012-10-14T23:41:11","date_gmt":"2012-10-14T21:41:11","guid":{"rendered":"http:\/\/chezyenorxois.fr\/mairie\/?p=1636"},"modified":"2012-10-18T16:38:43","modified_gmt":"2012-10-18T14:38:43","slug":"conseil-municipal-du-14-septembre-2012","status":"publish","type":"post","link":"http:\/\/chezyenorxois.fr\/mairie\/conseil-municipal-du-14-septembre-2012\/","title":{"rendered":"CONSEIL MUNICIPAL DU 14 septembre 2012"},"content":{"rendered":"<h4 align=\"center\"><span style=\"color: #993300;\"><strong><span style=\"text-decoration: underline;\">COMPTE-RENDU DU CONSEIL MUNICIPAL DU 14\u00a0 SEPTEMBRE 2012<\/span><\/strong><\/span><\/h4>\n<p><strong><span style=\"text-decoration: underline;\">Pr\u00e9sents\u00a0<\/span><\/strong><strong>:<\/strong> Vincent RICHARDOT maire, Andr\u00e9 LHERMITTE, G\u00e9rard BEDNAR adjoints &#8211; Marie-France DECOCK &#8211; Maryvonne BARBIER &#8211; Thierry HALLU &#8211; Louis MAILLEZ, conseillers municipaux.<\/p>\n<p><strong><span style=\"text-decoration: underline;\">Absents\u00a0excus\u00e9s:<\/span><\/strong><strong>\u00a0 <\/strong>Gilles BOUGON &#8211; V\u00e9ronique FOLLINA (pouvoir \u00e0 Louis MAILLEZ)<\/p>\n<p><span style=\"text-decoration: underline;\">Absents\u00a0:<\/span> \u00a0Cedric THIROUIN &#8211; Fabien VAN BELLEGHEM<\/p>\n<p><strong><span style=\"text-decoration: underline;\">Secr\u00e9taire\u00a0:<\/span><\/strong> G\u00e9rard BEDNAR<\/p>\n<p>Pr\u00e9sentation au conseil municipal de Madame NOEL qui remplace Madame COLLARD au secr\u00e9tariat. Elle sera pr\u00e9sente en mairie 18 heures par semaine. Les horaires des permanences sont inchang\u00e9s le lundi de 9 \u00e0 11 h le jeudi de 17 \u00e0 19 h. et le samedi de 11 \u00e0 12 h.<\/p>\n<p><em>Monsieur le maire ouvre la s\u00e9ance \u00e0 20 heures et donne lecture du compte-rendu du conseil municipal du 8 et du 22 juin 2012 , puis les membres du conseil signent le registre des d\u00e9lib\u00e9rations<\/em><em>.<\/em><\/p>\n<p><span style=\"text-decoration: underline;\">VENTE DE LOT DE BOIS<\/span><\/p>\n<p>La vente des 320 m3 de bois de la parcelle 1 aura lieu le 16 octobre. Ce lot comprend des ch\u00eanes, des bouleaux, des ch\u00e2taigniers et des fr\u00eanes. Pour initier les enfants\u00a0 de l\u2019\u00e9cole \u00e0 l\u2019\u00e9cologie, la commission des bois avec l\u2019ONF pr\u00e9voit une plantation de quelques petits ch\u00eanes. Par ailleurs, les nouvelles normes imposent aux affouagistes l\u2019utilisation d\u2019une huile \u00e9cologique dans leur tron\u00e7onneuse \u2013 des contr\u00f4les pourront \u00eatre effectu\u00e9s par l\u2019ONF.<\/p>\n<p><span style=\"text-decoration: underline;\">MODIFICATION DES STATUTS DE LA CCOC<\/span><\/p>\n<p>Suite \u00e0 la proposition du sch\u00e9ma d\u00e9partemental de coop\u00e9ration intercommunale d\u2019int\u00e9grer la commune de Rozet-Saint-Albin au sein de la CCOC, <em>le conseil municipal accepte par 8 voix la modification du p\u00e9rim\u00e8tre de la CCOC. <\/em><\/p>\n<p><span style=\"text-decoration: underline;\">TRAVAUX ANCIEN PRESBYT\u00c8RE<\/span><\/p>\n<p>Reste \u00e0 faire\u00a0:\u00a0le ravalement c\u00f4t\u00e9 tennis, r\u00e9gler le probl\u00e8me des goutti\u00e8res du b\u00e2timent d\u2019\u00e0 c\u00f4t\u00e9 des garages\u00a0et changer 3 fen\u00eatres de la sacristie.<\/p>\n<p><em>Le conseil municipal accepte le co\u00fbt suppl\u00e9mentaire pour la couverture du garage d\u2019un montant de 2 000 euros, le maire est charg\u00e9 de se renseigner sur le recyclage des mat\u00e9riaux.<\/em><\/p>\n<p><span style=\"text-decoration: underline;\">QUESTIONS DIVERSES<\/span><\/p>\n<p>&#8211;\u00a0\u00a0\u00a0\u00a0\u00a0\u00a0 <strong>Location \u00ab\u00a0du g\u00eete-\u00e9cole\u00a0\u00bb\u00a0:<\/strong> \u00a0il sera lou\u00e9 \u00e0 l\u2019institutrice de Ch\u00e9zy, pour la somme de 600 euros par mois chauffage compris, \u00e0 partir du 16 octobre.<\/p>\n<p>&#8211;\u00a0\u00a0\u00a0\u00a0\u00a0\u00a0 <strong>Travaux de voirie r\u00e9alis\u00e9s\u00a0:<\/strong> les travaux r\u00e9alis\u00e9s ont cout\u00e9 24179,30 \u20ac. Ils sont subventionn\u00e9s \u00e0 hauteur de 57%<\/p>\n<p>&#8211;\u00a0\u00a0\u00a0\u00a0\u00a0\u00a0 <strong>\u00c9oliennes\u00a0:<\/strong> la demande de permis de construire d\u00e9pos\u00e9e en 2007 a \u00e9t\u00e9 refus\u00e9e par le pr\u00e9fet. Apr\u00e8s recours aupr\u00e8s du tribunal la soci\u00e9t\u00e9 CITA-WIND d\u00e9veloppeur du projet \u00e9olien, sur Ch\u00e9zy, Brumetz, St Gengoulph, a obtenu gain de cause et le permis a \u00e9t\u00e9 accept\u00e9. Il est malgr\u00e9 tout n\u00e9cessaire de\u00a0 r\u00e9actualiser les promesses de bail pour l\u2019implantation des constructions aupr\u00e8s des propri\u00e9taires des terrains, le d\u00e9lai de 5 ans \u00e9tant d\u00e9pass\u00e9. C\u2019est seulement apr\u00e8s avoir obtenu ces accords que le mat\u00e9riel pourra \u00eatre command\u00e9. Les travaux pourraient d\u00e9buter d\u2019ici 12 \u00e0 18 mois.<\/p>\n<p>&#8211;\u00a0\u00a0\u00a0\u00a0\u00a0\u00a0 <strong>Employ\u00e9 communal\u00a0<\/strong>: le contrat de Ludovic PHEZ se termine le 27 septembre et ne peut \u00eatre prolong\u00e9.<\/p>\n<p>&#8211;\u00a0\u00a0\u00a0\u00a0\u00a0\u00a0 <strong>Assainissement\u00a0:<\/strong> un courrier est envoy\u00e9 \u00e0 M. DAUDIGNY, pr\u00e9sident du conseil g\u00e9n\u00e9ral, \u00e0 M. RIGAUD, pr\u00e9sident de la communaut\u00e9 de commune et \u00e0 M. KRABAL, d\u00e9put\u00e9 pour demander des engagements\u00a0 et acc\u00e9l\u00e9rer le d\u00e9blocage des subventions d\u00e9partementales pour la r\u00e9alisation des travaux.<\/p>\n<p>&#8211;\u00a0\u00a0\u00a0\u00a0\u00a0\u00a0 <strong>Boulangerie\u00a0:<\/strong> une enqu\u00eate sera r\u00e9alis\u00e9e aupr\u00e8s des habitants pour savoir si un arr\u00eat camion sur la place du village int\u00e9resserait suffisamment de personnes pour \u00eatre mis en place. Le boulanger de Vendrest est int\u00e9ress\u00e9.<\/p>\n<p><strong>&#8211;\u00a0\u00a0 \u00a0 \u00a0 USEDA\u00a0:<\/strong> l\u2019USEDA propose d\u2019enlever toutes les lampes \u00ab\u00a0\u00e0 ballons fluorescents\u00a0\u00bb et les remplacer par des lampes \u00e0 \u00ab\u00a0sodium haute pression\u00a0\u00bb, moins \u00e9nergivores. Ce projet ayant un co\u00fbt tr\u00e8s \u00e9lev\u00e9 pour la commune et les lampes ayant \u00e9t\u00e9 chang\u00e9es r\u00e9cemment, <em>le conseil municipal refuse ce projet par 8 voix<\/em> .(Notre commune compte actuellement 74 points lumineux 36 ballons fluorescents 38 sodiums haute pression).<\/p>\n<p>&#8211;\u00a0\u00a0\u00a0\u00a0\u00a0\u00a0 <strong>Suivi m\u00e9dical\u00a0: <\/strong>Convention d\u2019adh\u00e9sion au service pr\u00e9vention et sant\u00e9 au travail pour le personnel communal. <em>Par 8 voix pour, le conseil municipal\u00a0 accepte d\u2019adh\u00e9rer au service m\u00e9decine professionnelle<\/em><em> du centre de gestion et autorise le maire \u00e0 signer la convention.<\/em><\/p>\n<p>&#8211;\u00a0\u00a0\u00a0\u00a0\u00a0\u00a0 <strong>Droit de chasse sur les chemins communaux :<\/strong> La soci\u00e9t\u00e9 de chasse demande l\u2019autorisation de chasser sur les chemins communaux. <em>Le conseil municipal souhaite b\u00e9n\u00e9ficier d\u2019\u00e9l\u00e9ments\u00a0 suppl\u00e9mentaires avant de se prononcer.<\/em><\/p>\n<p>&#8211;\u00a0\u00a0\u00a0\u00a0\u00a0\u00a0 <strong>Comit\u00e9 des f\u00eates\u00a0:<\/strong> Madame BARBIER, au nom du comit\u00e9 des f\u00eates dresse le bilan des derni\u00e8res activit\u00e9s dont celle du 14 juillet. Elle d\u00e9plore la baisse de participation des habitants et en particulier de la plupart des \u00e9lus (il faut reconna\u00eetre que le temps n\u2019\u00e9tait pas cl\u00e9ment). Le comit\u00e9 des f\u00eates envisage de continuer d\u2019organiser\u00a0 une activit\u00e9 par mois. Par ailleurs, vu\u00a0 le d\u00e9sint\u00e9r\u00eat des parents pour le spectacle de fin d\u2019ann\u00e9e destin\u00e9 aux enfants, celui-ci n\u2019aura pas lieu cette ann\u00e9e. Souhaitons que l\u2019organisation du choix et la distribution des cadeaux de No\u00ebl sera bien comme chaque ann\u00e9e pris en charge par les parents.<\/p>\n<p>&#8211;\u00a0\u00a0\u00a0\u00a0\u00a0\u00a0 <strong>Terrain de la biblioth\u00e8que\u00a0:<\/strong> Monsieur DIB a sollicit\u00e9 de pouvoir utiliser une partie du terrain en friche situ\u00e9 derri\u00e8re la biblioth\u00e8que<em>. Le conseil municipal accepte cette demande en contrepartie de l\u2019entretien du terrain<strong>.<\/strong><\/em><\/p>\n<p><em>La s\u00e9ance, \u00e0 laquelle assistaient quatre habitants, se termine \u00e0\u00a023 heures.<\/em><\/p>\n","protected":false},"excerpt":{"rendered":"<p>COMPTE-RENDU DU CONSEIL MUNICIPAL DU 14\u00a0 SEPTEMBRE 2012 Pr\u00e9sents\u00a0: Vincent RICHARDOT maire, Andr\u00e9 LHERMITTE, G\u00e9rard BEDNAR adjoints &#8211; Marie-France DECOCK &#8211; Maryvonne BARBIER &#8211; Thierry HALLU &#8211; Louis MAILLEZ, conseillers municipaux. Absents\u00a0excus\u00e9s:\u00a0 Gilles BOUGON &#8211; V\u00e9ronique FOLLINA (pouvoir \u00e0 Louis <a class=\"more-link\" href=\"http:\/\/chezyenorxois.fr\/mairie\/conseil-municipal-du-14-septembre-2012\/\">Continuer la lecture <span class=\"screen-reader-text\">  CONSEIL MUNICIPAL DU 14 septembre 2012<\/span><span class=\"meta-nav\">&rarr;<\/span><\/a><\/p>\n","protected":false},"author":4,"featured_media":0,"comment_status":"closed","ping_status":"closed","sticky":false,"template":"","format":"standard","meta":{"footnotes":""},"categories":[1],"tags":[],"class_list":["post-1636","post","type-post","status-publish","format-standard","hentry","category-non-classe"],"_links":{"self":[{"href":"http:\/\/chezyenorxois.fr\/mairie\/wp-json\/wp\/v2\/posts\/1636","targetHints":{"allow":["GET"]}}],"collection":[{"href":"http:\/\/chezyenorxois.fr\/mairie\/wp-json\/wp\/v2\/posts"}],"about":[{"href":"http:\/\/chezyenorxois.fr\/mairie\/wp-json\/wp\/v2\/types\/post"}],"author":[{"embeddable":true,"href":"http:\/\/chezyenorxois.fr\/mairie\/wp-json\/wp\/v2\/users\/4"}],"replies":[{"embeddable":true,"href":"http:\/\/chezyenorxois.fr\/mairie\/wp-json\/wp\/v2\/comments?post=1636"}],"version-history":[{"count":8,"href":"http:\/\/chezyenorxois.fr\/mairie\/wp-json\/wp\/v2\/posts\/1636\/revisions"}],"predecessor-version":[{"id":1645,"href":"http:\/\/chezyenorxois.fr\/mairie\/wp-json\/wp\/v2\/posts\/1636\/revisions\/1645"}],"wp:attachment":[{"href":"http:\/\/chezyenorxois.fr\/mairie\/wp-json\/wp\/v2\/media?parent=1636"}],"wp:term":[{"taxonomy":"category","embeddable":true,"href":"http:\/\/chezyenorxois.fr\/mairie\/wp-json\/wp\/v2\/categories?post=1636"},{"taxonomy":"post_tag","embeddable":true,"href":"http:\/\/chezyenorxois.fr\/mairie\/wp-json\/wp\/v2\/tags?post=1636"}],"curies":[{"name":"wp","href":"https:\/\/api.w.org\/{rel}","templated":true}]}}